{"id":3222,"date":"2024-05-22T14:09:09","date_gmt":"2024-05-22T12:09:09","guid":{"rendered":"http:\/\/projekt-wisloujscie.pl\/?p=3222"},"modified":"2025-04-26T23:46:24","modified_gmt":"2025-04-26T21:46:24","slug":"wisloujscie-1628-informacje-dla-grup-rekonstrukcji-historycznych","status":"publish","type":"post","link":"https:\/\/projekt-wisloujscie.pl\/index.php\/2024\/05\/22\/wisloujscie-1628-informacje-dla-grup-rekonstrukcji-historycznych\/","title":{"rendered":"Wis\u0142ouj\u015bcie 1628\/2024 &#8211; Informacje dla grup rekonstrukcji historycznych"},"content":{"rendered":"\n<p class=\"has-black-color has-text-color\"><strong>Wis\u0142ouj\u015bcie 1628 to sz\u00f3sta edycja organizowanego przez nas wydarzenia, tym razem wchodzimy w rol\u0119 wojsk Rzeczpospolitej oraz miasta Gda\u0144ska, za\u0142ogi Twierdzy Wis\u0142ouj\u015bcie w obliczu zagro\u017cenia szwedzkiego w XVII w. Wa\u017cn\u0105 cz\u0119\u015bci\u0105 wydarzenia jest r\u00f3wnie\u017c odtwarzanie klimatu i kultury dawnego Gda\u0144ska.<\/strong><\/p>\n\n\n\n<p><strong>Gdzie: Twierdza Wis\u0142ouj\u015bcie &#8211; oddzia\u0142 Muzeum Gda\u0144ska, Ul. Stara Twierdza 1, 80-551 Gda\u0144sk<br>Kiedy: 5-7 lipca 2024 r.<br>Kontakt: Maciej Flis, tel. +48 512 418 731, e-mail m.flis@muzeumgdansk.pl<\/strong><\/p>\n\n\n\n<p class=\"has-medium-font-size\">Link do rejestracji: <a href=\"https:\/\/forms.gle\/LtaKbbH9wU33grY68\"><strong>Rejestracja uczestnik\u00f3w<\/strong><\/a> \/ <strong><a href=\"https:\/\/forms.gle\/LtaKbbH9wU33grY68\">Event Registration<\/a><\/strong><\/p>\n\n\n\n<p class=\"has-black-color has-text-color\">Ca\u0142e wydarzenie odbywa\u0107 si\u0119 b\u0119dzie w Twierdzy Wis\u0142ouj\u015bcie \u2013 oddziale Muzeum Gda\u0144ska, unikatowym zabytku fortyfikacyjnym w skali \u015bwiatowej, kt\u00f3rego pocz\u0105tki si\u0119gaj\u0105 nawet XV w.  W XVII wieku fortyfikacja pe\u0142ni\u0142a rol\u0119 latarni morskiej, punktu kontroli statk\u00f3w wchodz\u0105cych na Wis\u0142\u0119, bazy floty i przede wszystkim zewn\u0119trznego garnizonu wojsk miejskich Gda\u0144ska.<\/p>\n\n\n\n<p class=\"has-black-color has-text-color\">W 2024 r. przetestujemy now\u0105 form\u0119 wydarzenia, tym razem spr\u00f3bujemy wsp\u00f3lnie odtworzy\u0107 dzia\u0142anie za\u0142ogi fortyfikacji w czasie pokoju i zagro\u017cenia. Podzielimy was na dziesi\u0119\u0107 rot garnizonu twierdzy (zgodnie z regulacj\u0105 z tego okresu), rodziny zamieszkuj\u0105ce fortyfikacje, wojska kr\u00f3lewskie, szwedzkie oraz przydzielimy role: oficer\u00f3w &#8211; Rottmeister, wachtowych milicji obywatelskiej miasta, twierdzowego pisarza, chor\u0105\u017cego, kapelana lokalnej parafii, ochmistrzyni zawiaduj\u0105c\u0105 prac\u0105 przy kuchni, pomoce kuchenne, felczera i chirurga, wachtowych pe\u0142ni\u0105cych warty, rzemie\u015blnik\u00f3w oraz markietan\u00f3w oferuj\u0105cych swoje us\u0142ugi za\u0142odze fortu.<\/p>\n\n\n\n<p class=\"has-black-color has-text-color\">Dotychczasow\u0105 bitw\u0119 realizowa\u0107 b\u0119dziemy w formie potyczek treningowych na terenie znanym wam z poprzednich edycji. Brane pod uwag\u0119 s\u0105 r\u00f3wnie\u017c alarmy ca\u0142ej za\u0142ogi fortu, je\u015bli si\u0142y wroga podejd\u0105 pod mury twierdzy.<\/p>\n\n\n\n<p class=\"has-black-color has-text-color\">Wsp\u00f3\u0142organizatorami wydarzenia s\u0105: Projekt Wis\u0142ouj\u015bcie, Kompania Kaperska, Rebel Regiment, Polish Regiment, Polsk\u00fd svaz z.s. i inni (dodam, jak potwierdz\u0105 udzia\u0142). <\/p>\n\n\n\n<p class=\"has-black-color has-text-color\">Informacje na bie\u017c\u0105co podawane s\u0105 na li\u015bcie komunikacyjnej Facebook:<\/p>\n\n\n\n<h2 id=\"seo_h1_tag\">Facebook: <a href=\"https:\/\/www.facebook.com\/events\/947046953867454\/?ref=newsfeed\">Wis\u0142ouj\u015bcie 1628\/2024 &#8211; Reenactment Groups PL \/ ENG<\/a><\/h2>\n\n\n\n<p><strong>Podstawowe Informacje dla uczestnik\u00f3w:<\/strong><\/p>\n\n\n\n<ol class=\"has-black-color has-text-color\"><li>Wydarzenie odbywa si\u0119 w dniach <strong>5-7 (pi\u0105tek-niedziela) lipca 2024<\/strong> roku; Jest opcja przyjazdu wcze\u015bniejszego i p\u00f3\u017aniejszego wyjazdu; <\/li><li>W pi\u0105tek (5 VII) odb\u0119dzie si\u0119 kwaterowanie uczestnik\u00f3w, w sobot\u0119 (4 VII) g\u0142\u00f3wna cz\u0119\u015b\u0107 wydarzenia.<\/li><li>Datowanie ubioru i ekwipunku&nbsp; 1590-1640.<\/li><li>Oferujemy mo\u017cliwo\u015b\u0107 noclegu:<\/li><\/ol>\n\n\n\n<ul class=\"has-black-color has-text-color\"><li>We w\u0142asnych namiotach na bastionach fortu oraz w lesie na Sza\u0144cu Wschodnim. Nie zapewniamy namiot\u00f3w.<\/li><li>W pomieszczeniach koszar. Pomieszczenia s\u0105 puste, mo\u017cna je zaaran\u017cowa\u0107 wg w\u0142asnego pomys\u0142u. Kwaterowanie odbywa\u0107 si\u0119 b\u0119dzie grupowo (po kilka os\u00f3b na pomieszczenie) na podstawie zg\u0142osze\u0144 w formularzu rejestracyjnym.<\/li><li>Dla os\u00f3b, kt\u00f3re planuj\u0105 zaprezentowa\u0107 stanowiska warsztatowe, rzemie\u015blnicze lub inne udost\u0119pniane dla turyst\u00f3w oferowane b\u0119d\u0105 pomieszczenia parterowe kamienic.<\/li><\/ul>\n\n\n\n<figure class=\"wp-block-image size-large\"><img loading=\"lazy\" width=\"937\" height=\"624\" src=\"http:\/\/projekt-wisloujscie.pl\/wp-content\/uploads\/2019\/03\/IMG_20180707_205633.jpg\" alt=\"\" class=\"wp-image-2557\" srcset=\"https:\/\/projekt-wisloujscie.pl\/wp-content\/uploads\/2019\/03\/IMG_20180707_205633.jpg 937w, https:\/\/projekt-wisloujscie.pl\/wp-content\/uploads\/2019\/03\/IMG_20180707_205633-300x200.jpg 300w, https:\/\/projekt-wisloujscie.pl\/wp-content\/uploads\/2019\/03\/IMG_20180707_205633-768x511.jpg 768w, https:\/\/projekt-wisloujscie.pl\/wp-content\/uploads\/2019\/03\/IMG_20180707_205633-740x493.jpg 740w\" sizes=\"(max-width: 937px) 100vw, 937px\" \/><figcaption>Ob\u00f3z namiotowy na Bastionie Ostror\u00f3g \u2013 Wis\u0142ouj\u015bcie 1628 (Fot. M.Krukiewicz, Kompania Sarmacka)<\/figcaption><\/figure>\n\n\n\n<figure class=\"wp-block-image size-large\"><img loading=\"lazy\" width=\"937\" height=\"625\" src=\"http:\/\/projekt-wisloujscie.pl\/wp-content\/uploads\/2019\/03\/IMG_6990.jpg\" alt=\"\" class=\"wp-image-2554\" srcset=\"https:\/\/projekt-wisloujscie.pl\/wp-content\/uploads\/2019\/03\/IMG_6990.jpg 937w, https:\/\/projekt-wisloujscie.pl\/wp-content\/uploads\/2019\/03\/IMG_6990-300x200.jpg 300w, https:\/\/projekt-wisloujscie.pl\/wp-content\/uploads\/2019\/03\/IMG_6990-768x512.jpg 768w, https:\/\/projekt-wisloujscie.pl\/wp-content\/uploads\/2019\/03\/IMG_6990-740x494.jpg 740w\" sizes=\"(max-width: 937px) 100vw, 937px\" \/><figcaption>W formularzu rejestracji opcja &#8222;Prosz\u0119 o przydzia\u0142 w koszarach (nale\u017cy posiada\u0107 \u0142\u00f3\u017cko lub siennik)&#8221; oznacza przydzia\u0142 pomieszczenia w koszarowcu. Kwaterowanie odbywa si\u0119 w grupie 6-8 os\u00f3b na pomieszczenie&nbsp;(Fot. M.Krukiewicz, Kompania Sarmacka)<\/figcaption><\/figure>\n\n\n\n<p class=\"has-black-color has-text-color\">5. Na miejscu dost\u0119pne b\u0119dzie drewno i s\u0142oma. Jest jedno palenisko na dziedzi\u0144cu Fortu, rozpalanie nast\u0119pnych jest mo\u017cliwe na przeno\u015bnych paleniskach i za zgod\u0105 organizatora (<strong>Powo\u0142ywanie si\u0119 na znajomo\u015b\u0107 z organizatorem nie jest r\u00f3wnoznaczne ze zgod\u0105 organizatora.<\/strong>)<\/p>\n\n\n\n<p class=\"has-black-color has-text-color\">6. W Forcie jest toaleta z umywalkami. Dodatkowo od 4 lipca (czwartek) do 8 lipca (poniedzia\u0142ek) dost\u0119pny b\u0119dzie kontener sanitarny z prysznicami i umywalkami.<\/p>\n\n\n\n<figure class=\"wp-block-image size-large\"><img loading=\"lazy\" width=\"960\" height=\"720\" src=\"http:\/\/projekt-wisloujscie.pl\/wp-content\/uploads\/2019\/03\/36541798_10212436637735216_4631181755452227584_n.jpg\" alt=\"\" class=\"wp-image-2561\" srcset=\"https:\/\/projekt-wisloujscie.pl\/wp-content\/uploads\/2019\/03\/36541798_10212436637735216_4631181755452227584_n.jpg 960w, https:\/\/projekt-wisloujscie.pl\/wp-content\/uploads\/2019\/03\/36541798_10212436637735216_4631181755452227584_n-300x225.jpg 300w, https:\/\/projekt-wisloujscie.pl\/wp-content\/uploads\/2019\/03\/36541798_10212436637735216_4631181755452227584_n-768x576.jpg 768w, https:\/\/projekt-wisloujscie.pl\/wp-content\/uploads\/2019\/03\/36541798_10212436637735216_4631181755452227584_n-740x555.jpg 740w, https:\/\/projekt-wisloujscie.pl\/wp-content\/uploads\/2019\/03\/36541798_10212436637735216_4631181755452227584_n-80x60.jpg 80w\" sizes=\"(max-width: 960px) 100vw, 960px\" \/><figcaption>Kontener sanitarny<\/figcaption><\/figure>\n\n\n\n<p class=\"has-black-color has-text-color\">7. Mo\u017cliwe jest finansowanie stanowisk edukacyjnych i rzemie\u015blniczych prowadz\u0105cych sw\u00f3j program przez ca\u0142\u0105 sobot\u0119 w godzinach otwarcia obiektu (Przypominam, \u017ce toporek wbity w pieniek <strong>nie jest<\/strong> stanowiskiem edukacyjnym profesji kata). Podlega to indywidualnym ustaleniom z organizatorem i w tym celu nale\u017cy przes\u0142a\u0107 swoj\u0105 ofert\u0119 na adres: m.flis@muzeumgdansk.pl<\/p>\n\n\n\n<figure class=\"wp-block-image size-large\"><img loading=\"lazy\" width=\"1024\" height=\"682\" src=\"https:\/\/projekt-wisloujscie.pl\/wp-content\/uploads\/2024\/05\/438097358_920483116543314_2981068664507473282_n-1024x682.jpg\" alt=\"\" class=\"wp-image-3233\" srcset=\"https:\/\/projekt-wisloujscie.pl\/wp-content\/uploads\/2024\/05\/438097358_920483116543314_2981068664507473282_n-1024x682.jpg 1024w, https:\/\/projekt-wisloujscie.pl\/wp-content\/uploads\/2024\/05\/438097358_920483116543314_2981068664507473282_n-300x200.jpg 300w, https:\/\/projekt-wisloujscie.pl\/wp-content\/uploads\/2024\/05\/438097358_920483116543314_2981068664507473282_n-768x511.jpg 768w, https:\/\/projekt-wisloujscie.pl\/wp-content\/uploads\/2024\/05\/438097358_920483116543314_2981068664507473282_n-740x493.jpg 740w, https:\/\/projekt-wisloujscie.pl\/wp-content\/uploads\/2024\/05\/438097358_920483116543314_2981068664507473282_n.jpg 1280w\" sizes=\"(max-width: 1024px) 100vw, 1024px\" \/><figcaption>Stanowiska rzemie\u015blnicze i edukacyjne mog\u0105 otrzyma\u0107 kwater\u0119 na parterze kamienic fortu.<\/figcaption><\/figure>\n\n\n\n<figure class=\"wp-block-image size-large\"><img loading=\"lazy\" width=\"1024\" height=\"682\" src=\"https:\/\/projekt-wisloujscie.pl\/wp-content\/uploads\/2024\/05\/434497523_913911150533844_8836341148047017181_n-1024x682.jpg\" alt=\"\" class=\"wp-image-3234\" srcset=\"https:\/\/projekt-wisloujscie.pl\/wp-content\/uploads\/2024\/05\/434497523_913911150533844_8836341148047017181_n-1024x682.jpg 1024w, https:\/\/projekt-wisloujscie.pl\/wp-content\/uploads\/2024\/05\/434497523_913911150533844_8836341148047017181_n-300x200.jpg 300w, https:\/\/projekt-wisloujscie.pl\/wp-content\/uploads\/2024\/05\/434497523_913911150533844_8836341148047017181_n-768x511.jpg 768w, https:\/\/projekt-wisloujscie.pl\/wp-content\/uploads\/2024\/05\/434497523_913911150533844_8836341148047017181_n-1536x1023.jpg 1536w, https:\/\/projekt-wisloujscie.pl\/wp-content\/uploads\/2024\/05\/434497523_913911150533844_8836341148047017181_n-740x493.jpg 740w, https:\/\/projekt-wisloujscie.pl\/wp-content\/uploads\/2024\/05\/434497523_913911150533844_8836341148047017181_n.jpg 1622w\" sizes=\"(max-width: 1024px) 100vw, 1024px\" \/><figcaption>Grupy zagraniczne, kt\u00f3re maj\u0105 ograniczone mo\u017cliwo\u015bci przejazdu z obozowiskiem mog\u0105 otrzyma\u0107 jedno z pi\u0119ciu pomieszcze\u0144 na pi\u0119trze kamienic. Wa\u017cna informacja &#8211; s\u0105 to puste pomieszczenia bez mebli.<\/figcaption><\/figure>\n\n\n\n<p class=\"has-black-color has-text-color\">8. Mo\u017cliwe jest cz\u0119\u015bciowe dofinansowanie przejazdu wi\u0119kszych grup os\u00f3b (8+ os\u00f3b). Ustalane jest to indywidualnie w oparciu o ilo\u015b\u0107 os\u00f3b i odleg\u0142o\u015b\u0107 od Gda\u0144ska (<strong>nie finansujemy<\/strong> <strong>bilet\u00f3w<\/strong> na kolej podmiejsk\u0105 <strong>SKM<\/strong>).<\/p>\n\n\n\n<figure class=\"wp-block-image size-large\"><img loading=\"lazy\" width=\"1024\" height=\"768\" src=\"https:\/\/projekt-wisloujscie.pl\/wp-content\/uploads\/2024\/05\/20240425_155107-1024x768.jpg\" alt=\"\" class=\"wp-image-3235\" srcset=\"https:\/\/projekt-wisloujscie.pl\/wp-content\/uploads\/2024\/05\/20240425_155107-1024x768.jpg 1024w, https:\/\/projekt-wisloujscie.pl\/wp-content\/uploads\/2024\/05\/20240425_155107-300x225.jpg 300w, https:\/\/projekt-wisloujscie.pl\/wp-content\/uploads\/2024\/05\/20240425_155107-768x576.jpg 768w, https:\/\/projekt-wisloujscie.pl\/wp-content\/uploads\/2024\/05\/20240425_155107-1536x1152.jpg 1536w, https:\/\/projekt-wisloujscie.pl\/wp-content\/uploads\/2024\/05\/20240425_155107-2048x1536.jpg 2048w, https:\/\/projekt-wisloujscie.pl\/wp-content\/uploads\/2024\/05\/20240425_155107-740x555.jpg 740w, https:\/\/projekt-wisloujscie.pl\/wp-content\/uploads\/2024\/05\/20240425_155107-80x60.jpg 80w\" sizes=\"(max-width: 1024px) 100vw, 1024px\" \/><figcaption>Celem przygotowania posi\u0142k\u00f3w udost\u0119pniamy forteczn\u0105 kuchni\u0119. Nale\u017cy posiada\u0107 w\u0142asne garnki oraz talerze.<\/figcaption><\/figure>\n\n\n\n<p class=\"has-black-color has-text-color\">9. Wy\u017cywienie: Udost\u0119pniamy forteczn\u0105 kuchni\u0119 na potrzeb\u0119 wy\u017cywienia uczestnik\u00f3w. Produkty nale\u017cy dostarczy\u0107 we w\u0142asnym zakresie. Sobotnia, wieczorna biesiada finansowana przez organizatora, przygotowanie sto\u0142\u00f3w \u0142awek, wy\u0142o\u017cenie posi\u0142k\u00f3w na talerze we w\u0142asnym zakresie (<strong>Zwi\u0105zki zawodowe kelner\u00f3w i serwisu hotelowego odm\u00f3wi\u0142y udzia\u0142u<\/strong>).<\/p>\n\n\n\n<h1 class=\"has-vivid-green-cyan-color has-text-color\"><strong><a href=\"https:\/\/forms.gle\/LtaKbbH9wU33grY68\">Rejestracja Uczestnik\u00f3w \/ Event Registration <\/a><\/strong><\/h1>\n\n\n\n<p>G\u0142\u00f3wnym Organizatorem wydarzenia jest Muzeum Gda\u0144ska<\/p>\n\n\n\n<p>Przedstawicielem organizatora i g\u0142\u00f3wnym koordynatorem jest:<br>Maciej Flis, tel. +48 512418731<\/p>\n","protected":false},"excerpt":{"rendered":"<p>Nie pytaj w k\u00f3\u0142ko o to samo, sprawd\u017a wszystkie informacje o tegorocznym Wis\u0142ouj\u015bciu 1628 tutaj!<\/p>\n","protected":false},"author":1,"featured_media":3225,"comment_status":"closed","ping_status":"open","sticky":false,"template":"","format":"standard","meta":[],"categories":[1,54],"tags":[45,46,67,220],"yoast_head":"<!-- This site is optimized with the Yoast SEO plugin v15.9.1 - https:\/\/yoast.com\/wordpress\/plugins\/seo\/ -->\n<title>Wis\u0142ouj\u015bcie 1628\/2024 - Informacje dla grup rekonstrukcji historycznych - Projekt Wis\u0142ouj\u015bcie<\/title>\n<meta name=\"description\" content=\"Informacje dla grup rekonstrukcji historycznych. Udzia\u0142 w wydarzeniu: warunki, terminy, rejestracja.\" \/>\n<meta name=\"robots\" content=\"index, follow, max-snippet:-1, max-image-preview:large, max-video-preview:-1\" \/>\n<link rel=\"canonical\" href=\"http:\/\/projekt-wisloujscie.pl\/index.php\/2024\/05\/22\/wisloujscie-1628-informacje-dla-grup-rekonstrukcji-historycznych\/\" \/>\n<meta property=\"og:locale\" content=\"pl_PL\" \/>\n<meta property=\"og:type\" content=\"article\" \/>\n<meta property=\"og:title\" content=\"Wis\u0142ouj\u015bcie 1628\/2024 - Informacje dla grup rekonstrukcji historycznych - Projekt Wis\u0142ouj\u015bcie\" \/>\n<meta property=\"og:description\" content=\"Informacje dla grup rekonstrukcji historycznych. Udzia\u0142 w wydarzeniu: warunki, terminy, rejestracja.\" \/>\n<meta property=\"og:url\" content=\"http:\/\/projekt-wisloujscie.pl\/index.php\/2024\/05\/22\/wisloujscie-1628-informacje-dla-grup-rekonstrukcji-historycznych\/\" \/>\n<meta property=\"og:site_name\" content=\"Projekt Wis\u0142ouj\u015bcie\" \/>\n<meta property=\"article:published_time\" content=\"2024-05-22T12:09:09+00:00\" \/>\n<meta property=\"article:modified_time\" content=\"2025-04-26T21:46:24+00:00\" \/>\n<meta property=\"og:image\" content=\"https:\/\/projekt-wisloujscie.pl\/wp-content\/uploads\/2024\/05\/421955498_869415801650046_8896082161367594778_n.jpg\" \/>\n\t<meta property=\"og:image:width\" content=\"1280\" \/>\n\t<meta property=\"og:image:height\" content=\"853\" \/>\n<meta name=\"twitter:card\" content=\"summary_large_image\" \/>\n<meta name=\"twitter:label1\" content=\"Est. reading time\">\n\t<meta name=\"twitter:data1\" content=\"5 minut\">\n<script type=\"application\/ld+json\" class=\"yoast-schema-graph\">{\"@context\":\"https:\/\/schema.org\",\"@graph\":[{\"@type\":\"WebSite\",\"@id\":\"https:\/\/projekt-wisloujscie.pl\/#website\",\"url\":\"https:\/\/projekt-wisloujscie.pl\/\",\"name\":\"Projekt Wis\\u0142ouj\\u015bcie\",\"description\":\"Za\\u0142oga i mieszka\\u0144cy Wis\\u0142ouj\\u015bcia\",\"potentialAction\":[{\"@type\":\"SearchAction\",\"target\":\"https:\/\/projekt-wisloujscie.pl\/?s={search_term_string}\",\"query-input\":\"required name=search_term_string\"}],\"inLanguage\":\"pl-PL\"},{\"@type\":\"ImageObject\",\"@id\":\"http:\/\/projekt-wisloujscie.pl\/index.php\/2024\/05\/22\/wisloujscie-1628-informacje-dla-grup-rekonstrukcji-historycznych\/#primaryimage\",\"inLanguage\":\"pl-PL\",\"url\":\"https:\/\/projekt-wisloujscie.pl\/wp-content\/uploads\/2024\/05\/421955498_869415801650046_8896082161367594778_n.jpg\",\"width\":1280,\"height\":853},{\"@type\":\"WebPage\",\"@id\":\"http:\/\/projekt-wisloujscie.pl\/index.php\/2024\/05\/22\/wisloujscie-1628-informacje-dla-grup-rekonstrukcji-historycznych\/#webpage\",\"url\":\"http:\/\/projekt-wisloujscie.pl\/index.php\/2024\/05\/22\/wisloujscie-1628-informacje-dla-grup-rekonstrukcji-historycznych\/\",\"name\":\"Wis\\u0142ouj\\u015bcie 1628\/2024 - Informacje dla grup rekonstrukcji historycznych - Projekt Wis\\u0142ouj\\u015bcie\",\"isPartOf\":{\"@id\":\"https:\/\/projekt-wisloujscie.pl\/#website\"},\"primaryImageOfPage\":{\"@id\":\"http:\/\/projekt-wisloujscie.pl\/index.php\/2024\/05\/22\/wisloujscie-1628-informacje-dla-grup-rekonstrukcji-historycznych\/#primaryimage\"},\"datePublished\":\"2024-05-22T12:09:09+00:00\",\"dateModified\":\"2025-04-26T21:46:24+00:00\",\"author\":{\"@id\":\"https:\/\/projekt-wisloujscie.pl\/#\/schema\/person\/205c59afffa2a5b494029132d161c52b\"},\"description\":\"Informacje dla grup rekonstrukcji historycznych. Udzia\\u0142 w wydarzeniu: warunki, terminy, rejestracja.\",\"breadcrumb\":{\"@id\":\"http:\/\/projekt-wisloujscie.pl\/index.php\/2024\/05\/22\/wisloujscie-1628-informacje-dla-grup-rekonstrukcji-historycznych\/#breadcrumb\"},\"inLanguage\":\"pl-PL\",\"potentialAction\":[{\"@type\":\"ReadAction\",\"target\":[\"http:\/\/projekt-wisloujscie.pl\/index.php\/2024\/05\/22\/wisloujscie-1628-informacje-dla-grup-rekonstrukcji-historycznych\/\"]}]},{\"@type\":\"BreadcrumbList\",\"@id\":\"http:\/\/projekt-wisloujscie.pl\/index.php\/2024\/05\/22\/wisloujscie-1628-informacje-dla-grup-rekonstrukcji-historycznych\/#breadcrumb\",\"itemListElement\":[{\"@type\":\"ListItem\",\"position\":1,\"item\":{\"@type\":\"WebPage\",\"@id\":\"http:\/\/projekt-wisloujscie.pl\/\",\"url\":\"http:\/\/projekt-wisloujscie.pl\/\",\"name\":\"Strona g\\u0142\\u00f3wna\"}},{\"@type\":\"ListItem\",\"position\":2,\"item\":{\"@type\":\"WebPage\",\"@id\":\"http:\/\/projekt-wisloujscie.pl\/index.php\/2024\/05\/22\/wisloujscie-1628-informacje-dla-grup-rekonstrukcji-historycznych\/\",\"url\":\"http:\/\/projekt-wisloujscie.pl\/index.php\/2024\/05\/22\/wisloujscie-1628-informacje-dla-grup-rekonstrukcji-historycznych\/\",\"name\":\"Wis\\u0142ouj\\u015bcie 1628\/2024 &#8211; Informacje dla grup rekonstrukcji historycznych\"}}]},{\"@type\":\"Person\",\"@id\":\"https:\/\/projekt-wisloujscie.pl\/#\/schema\/person\/205c59afffa2a5b494029132d161c52b\",\"name\":\"Maciej\",\"image\":{\"@type\":\"ImageObject\",\"@id\":\"https:\/\/projekt-wisloujscie.pl\/#personlogo\",\"inLanguage\":\"pl-PL\",\"url\":\"https:\/\/secure.gravatar.com\/avatar\/d83db997787e8459cfa9cc3daa351482?s=96&d=mm&r=g\",\"caption\":\"Maciej\"}}]}<\/script>\n<!-- \/ Yoast SEO plugin. -->","_links":{"self":[{"href":"https:\/\/projekt-wisloujscie.pl\/index.php\/wp-json\/wp\/v2\/posts\/3222"}],"collection":[{"href":"https:\/\/projekt-wisloujscie.pl\/index.php\/wp-json\/wp\/v2\/posts"}],"about":[{"href":"https:\/\/projekt-wisloujscie.pl\/index.php\/wp-json\/wp\/v2\/types\/post"}],"author":[{"embeddable":true,"href":"https:\/\/projekt-wisloujscie.pl\/index.php\/wp-json\/wp\/v2\/users\/1"}],"replies":[{"embeddable":true,"href":"https:\/\/projekt-wisloujscie.pl\/index.php\/wp-json\/wp\/v2\/comments?post=3222"}],"version-history":[{"count":14,"href":"https:\/\/projekt-wisloujscie.pl\/index.php\/wp-json\/wp\/v2\/posts\/3222\/revisions"}],"predecessor-version":[{"id":3247,"href":"https:\/\/projekt-wisloujscie.pl\/index.php\/wp-json\/wp\/v2\/posts\/3222\/revisions\/3247"}],"wp:featuredmedia":[{"embeddable":true,"href":"https:\/\/projekt-wisloujscie.pl\/index.php\/wp-json\/wp\/v2\/media\/3225"}],"wp:attachment":[{"href":"https:\/\/projekt-wisloujscie.pl\/index.php\/wp-json\/wp\/v2\/media?parent=3222"}],"wp:term":[{"taxonomy":"category","embeddable":true,"href":"https:\/\/projekt-wisloujscie.pl\/index.php\/wp-json\/wp\/v2\/categories?post=3222"},{"taxonomy":"post_tag","embeddable":true,"href":"https:\/\/projekt-wisloujscie.pl\/index.php\/wp-json\/wp\/v2\/tags?post=3222"}],"curies":[{"name":"wp","href":"https:\/\/api.w.org\/{rel}","templated":true}]}}